{"id":17888,"date":"2025-09-24T11:20:07","date_gmt":"2025-09-24T09:20:07","guid":{"rendered":"https:\/\/iiclondra.esteri.it\/news\/dall_istituto\/2025\/09\/roberto-navigli-racconta-minerva-lintelligenza-artificiale-italiana\/"},"modified":"2025-09-24T11:20:15","modified_gmt":"2025-09-24T09:20:15","slug":"roberto-navigli-racconta-minerva-lintelligenza-artificiale-italiana","status":"publish","type":"post","link":"https:\/\/iiclondra.esteri.it\/en\/news\/dall_istituto\/2025\/09\/roberto-navigli-racconta-minerva-lintelligenza-artificiale-italiana\/","title":{"rendered":"Roberto Navigli \u201cracconta\u201d Minerva, l\u2019intelligenza artificiale italiana"},"content":{"rendered":"<p>C\u2019\u00e8 un made in Italy anche nell\u2019intelligenza artificiale: e si chiama <strong>Minerva<\/strong>. Il suo \u2018pap\u00e0\u2019, <strong>Roberto Navigli<\/strong>, professore di Intelligenza Artificiale presso l&#8217;Universit\u00e0 La Sapienza di Roma, dove guida il gruppo Sapienza NLP, ne ha parlato all\u2019Istituto Italiano di Cultura di Londra, sollecitato dalle domande del direttore <strong>Francesco Bongarr\u00e0<\/strong>\u00a0e del giornalista <strong>Massimo Sebastiani<\/strong> e di un pubblico affascinato dall\u2019appassionata esposizione di Navigli e fortemente incuriosito dalla ricerca italiana nel settore. Questa famiglia di <em>Large Language Models<\/em> si chiama Minerva come la dea del sapere e della strategia, la cui statua fa bella mostra di s\u00e9 al centro del campus romano e dove da sempre gli studenti che stanno per sostenere un esame ne evitano lo sguardo. La Minerva di Navigli e del suo gruppo per\u00f2 non ispira superstizioni perch\u00e9 \u00e8 un sostegno per il sapere, trasparente, open source e a disposizione di tutti: \u201cAndate sul web e interrogatela &#8211; ha detto Navigli &#8211; i vostri <em>prompt<\/em> la faranno crescere\u201d.<\/p>\n<p>Minerva infatti \u00e8 relativamente piccola per dimensioni e ha bisogno di essere ancora \u2018nutrita\u2019 ma Navigli ha spiegato la doppia virt\u00f9 di questo modello: \u201cConsuma meno acqua e meno energia di \u2018mostri\u2019 come Gemini o ChatGPT, ed \u00e8 quindi pi\u00f9 sostenibile, ma pu\u00f2 essere pi\u00f9 accurata delle sue sorelle maggiori. In pi\u00f9 porta l\u2019impronta italiana nel mondo delle <em>generative AI<\/em> che sono inevitabilmente portatrici di punti di vista, quando non di <em>bias<\/em>, sul mondo\u201d.<\/p>\n<p>Navigli ha concluso commentando i recenti allarmi sull\u2019IA arrivati anche da padri nobili di questa tecnologia com Yoshua Bengio, vincitore di un <em>Alan Turing Award<\/em>, il Nobel dell\u2019informatica: \u201cEsiste un gigantesco problema di coordinamento e controllo umano della IA ma sia ben lontani dalle previsioni distopiche di film e libri e dalla possibilit\u00e0 che l\u2019intelligenza artificiale abbia qualcosa che chiamiamo coscienza, senza peraltro essere riusciti a capire cosa sia neanche per l\u2019uomo.\u201d<\/p>\n<p>Prossimo appuntamento all\u2019Istituto Italiano di Cultura di Londra con la neuroscinziata Michela Matteoli.<\/p>\n","protected":false},"excerpt":{"rendered":"C\u2019\u00e8 un made in Italy anche nell\u2019intelligenza artificiale: e si chiama Minerva. Il suo \u2018pap\u00e0\u2019, Roberto Navigli, professore di Intelligenza Artificiale presso l&#8217;Universit\u00e0 La Sapienza di Roma, dove guida il gruppo Sapienza NLP, ne ha parlato all\u2019Istituto Italiano di Cultura di Londra, sollecitato dalle domande del direttore Francesco Bongarr\u00e0\u00a0e del giornalista Massimo Sebastiani e di [&hellip;]","protected":false},"author":7,"featured_media":17885,"comment_status":"closed","ping_status":"closed","sticky":false,"template":"","format":"standard","meta":{"footnotes":""},"tags":[],"class_list":["post-17888","post","type-post","status-publish","format-standard","has-post-thumbnail","hentry"],"_links":{"self":[{"href":"https:\/\/iiclondra.esteri.it\/en\/wp-json\/wp\/v2\/posts\/17888","targetHints":{"allow":["GET"]}}],"collection":[{"href":"https:\/\/iiclondra.esteri.it\/en\/wp-json\/wp\/v2\/posts"}],"about":[{"href":"https:\/\/iiclondra.esteri.it\/en\/wp-json\/wp\/v2\/types\/post"}],"author":[{"embeddable":true,"href":"https:\/\/iiclondra.esteri.it\/en\/wp-json\/wp\/v2\/users\/7"}],"replies":[{"embeddable":true,"href":"https:\/\/iiclondra.esteri.it\/en\/wp-json\/wp\/v2\/comments?post=17888"}],"version-history":[{"count":1,"href":"https:\/\/iiclondra.esteri.it\/en\/wp-json\/wp\/v2\/posts\/17888\/revisions"}],"predecessor-version":[{"id":17891,"href":"https:\/\/iiclondra.esteri.it\/en\/wp-json\/wp\/v2\/posts\/17888\/revisions\/17891"}],"wp:featuredmedia":[{"embeddable":true,"href":"https:\/\/iiclondra.esteri.it\/en\/wp-json\/wp\/v2\/media\/17885"}],"wp:attachment":[{"href":"https:\/\/iiclondra.esteri.it\/en\/wp-json\/wp\/v2\/media?parent=17888"}],"wp:term":[{"taxonomy":"post_tag","embeddable":true,"href":"https:\/\/iiclondra.esteri.it\/en\/wp-json\/wp\/v2\/tags?post=17888"}],"curies":[{"name":"wp","href":"https:\/\/api.w.org\/{rel}","templated":true}]}}