{"id":6742,"date":"2024-05-13T14:12:31","date_gmt":"2024-05-13T12:12:31","guid":{"rendered":"https:\/\/iiclondra.esteri.it\/?p=6742"},"modified":"2024-05-13T14:45:27","modified_gmt":"2024-05-13T12:45:27","slug":"a-londra-mal-di-sicilia-ritratto-di-unisola-indecisa-a-tutto-incontro-sul-libro-di-francesco-terracina","status":"publish","type":"post","link":"https:\/\/iiclondra.esteri.it\/en\/news\/dall_istituto\/2024\/05\/a-londra-mal-di-sicilia-ritratto-di-unisola-indecisa-a-tutto-incontro-sul-libro-di-francesco-terracina\/","title":{"rendered":"A Londra &#8220;Mal di Sicilia&#8221;, ritratto di un&#8217;isola indecisa a tutto. Incontro sul libro di Francesco Terracina"},"content":{"rendered":"<p>Stabilite le dovute proporzioni, Gran Bretagna e Sicilia hanno qualcosa da dirsi in quanto isole. L\u2019estensione territoriale fuori proporzione \u2013 uno a dieci \u2013 non basta a diluire quel sentimento che i confini d\u2019acqua generano negli isolani: salpare \u00e8 un po\u2019 pi\u00f9 che partire e approdare \u00e8 diverso dall\u2019arrivare. E cos\u00ec \u201cMal di Sicilia\u201d, il saggio narrativo di Francesco Terracina, edito da Laterza, ha trovato un \u201cporto\u201d a Londra, all\u2019Istituto italiano di Cultura diretto da Francesco Bongarr\u00e0, il quale ha evidenziato le potenzialit\u00e0 creative e operative di questo felice struggimento. Accolto da un pubblico che ha riempito la sala conferenze, partecipando attivamente alla presentazione del volume, l\u2019autore, giornalista dell\u2019Agenzia ANSA, ha dialogato con il professor John Dickie, storico e docente di studi italiani all\u2019University College di Londra, uno degli accademici britannici pi\u00f9 esperti di Italia e di Sicilia.<\/p>\n<p>La Sicilia di cui parla Terracina \u00e8 il luogo dove si muove un\u2019umanit\u00e0 indecisa tra il desiderio di fuga e la voglia di restare o di farvi ritorno. Un\u2019Isola in cui le sirene lavorano a tempo pieno, segnalando vantaggi e pericoli annidati in una realt\u00e0 che fa di tutto per rendersi complessa e ammiccante, e che genera caos e bellezza con pari intensit\u00e0.<\/p>\n<p>Protagonisti del \u201cMal di Sicilia\u201d sono \u201cquattrodici persone, tutt\u2019altro che personaggi \u2013 ha detto Dickie \u2013 che dialogano a distanza e ritraggono l\u2019Isola attraverso la loro esperienza, a volte tragica\u201d. Sono due stranieri ad aprire il volume, ha sottolineato lo studioso: \u201cUn eremita tedesco che da oltre mezzo secolo vive in una grotta di Filicudi, nelle Eolie, e un archeologo inglese, Alexander Hardcastle, che un secolo fa si trasfer\u00ec in Sicilia, attratto dalla Valle dei Templi che gli procur\u00f2 la gioia della bellezza e una tragica fine: mor\u00ec nell\u2019ospedale psichiatrico di Agrigento\u201d. E ancora: Elio Vittorini, che appena ventenne lasci\u00f2 l\u2019isola per farne poi l\u2019oggetto della sua attivit\u00e0 letteraria; Goliarda Sapienza, Laura Di Falco, Livia De Stefani, tre scrittrici ossessionate per tutta la vita dalla loro terra d\u2019origine, lasciata quando erano appena adolescenti. Infine, le vittime della mafia: Pio La Torre, Rosario Di Salvo, Gaetano Costa, Mauro Rostagno, che \u201cvolevano raddrizzare le cose storte della Sicilia e sono stati puniti con la morte\u201d, ha osservato Terracina\u201d.<\/p>\n","protected":false},"excerpt":{"rendered":"Stabilite le dovute proporzioni, Gran Bretagna e Sicilia hanno qualcosa da dirsi in quanto isole. L\u2019estensione territoriale fuori proporzione \u2013 uno a dieci \u2013 non basta a diluire quel sentimento che i confini d\u2019acqua generano negli isolani: salpare \u00e8 un po\u2019 pi\u00f9 che partire e approdare \u00e8 diverso dall\u2019arrivare. E cos\u00ec \u201cMal di Sicilia\u201d, il [&hellip;]","protected":false},"author":8,"featured_media":6743,"comment_status":"closed","ping_status":"closed","sticky":false,"template":"","format":"standard","meta":{"footnotes":""},"tags":[],"class_list":["post-6742","post","type-post","status-publish","format-standard","has-post-thumbnail","hentry"],"_links":{"self":[{"href":"https:\/\/iiclondra.esteri.it\/en\/wp-json\/wp\/v2\/posts\/6742","targetHints":{"allow":["GET"]}}],"collection":[{"href":"https:\/\/iiclondra.esteri.it\/en\/wp-json\/wp\/v2\/posts"}],"about":[{"href":"https:\/\/iiclondra.esteri.it\/en\/wp-json\/wp\/v2\/types\/post"}],"author":[{"embeddable":true,"href":"https:\/\/iiclondra.esteri.it\/en\/wp-json\/wp\/v2\/users\/8"}],"replies":[{"embeddable":true,"href":"https:\/\/iiclondra.esteri.it\/en\/wp-json\/wp\/v2\/comments?post=6742"}],"version-history":[{"count":5,"href":"https:\/\/iiclondra.esteri.it\/en\/wp-json\/wp\/v2\/posts\/6742\/revisions"}],"predecessor-version":[{"id":6761,"href":"https:\/\/iiclondra.esteri.it\/en\/wp-json\/wp\/v2\/posts\/6742\/revisions\/6761"}],"wp:featuredmedia":[{"embeddable":true,"href":"https:\/\/iiclondra.esteri.it\/en\/wp-json\/wp\/v2\/media\/6743"}],"wp:attachment":[{"href":"https:\/\/iiclondra.esteri.it\/en\/wp-json\/wp\/v2\/media?parent=6742"}],"wp:term":[{"taxonomy":"post_tag","embeddable":true,"href":"https:\/\/iiclondra.esteri.it\/en\/wp-json\/wp\/v2\/tags?post=6742"}],"curies":[{"name":"wp","href":"https:\/\/api.w.org\/{rel}","templated":true}]}}