{"id":7620,"date":"2024-06-17T11:45:28","date_gmt":"2024-06-17T09:45:28","guid":{"rendered":"https:\/\/iiclondra.esteri.it\/news\/dall_istituto\/2024\/06\/litalia-ricorda-a-londra-gloria-trevisan-e-marco-gottardi\/"},"modified":"2024-06-17T11:45:46","modified_gmt":"2024-06-17T09:45:46","slug":"litalia-ricorda-a-londra-gloria-trevisan-e-marco-gottardi","status":"publish","type":"post","link":"https:\/\/iiclondra.esteri.it\/en\/news\/dall_istituto\/2024\/06\/litalia-ricorda-a-londra-gloria-trevisan-e-marco-gottardi\/","title":{"rendered":"L&#8217;ITALIA RICORDA A LONDRA GLORIA TREVISAN E MARCO GOTTARDI"},"content":{"rendered":"<p>L\u2019Italia ricorda a Londra <strong>Gloria Trevisan<\/strong> e <strong>Marco Gottardi<\/strong>, i due architetti italiani tra le 72 vittime del <strong>rogo di Grenfell<\/strong> con un convegno di architettura ed un premio a loro dedicato. Sono passati sette anni dalla notte del <strong>14 giugno 2017<\/strong> quando le fiamme avvolsero il palazzo di 24 piani nel quartiere North Kensigton a Londra. Gloria e Marco vivevano insieme agli ultimi piani del palazzo, originari rispettivamente di Camposampiero e di San Stino di Livenza.<\/p>\n<p>Alla cerimonia, che si \u00e8 tenuta all&#8217;<strong>Istituto italiano di Cultura<\/strong> diretto da <strong>Francesco Bongarr\u00e0<\/strong>, han preso parte l\u2019<strong>Ambasciatore d\u2019Italia Inigo Lambertini<\/strong>, il <strong>Console generale a Londra Domenico Bellantone<\/strong> ed il <strong>sindaco del Borough di Kensington e Chelsea<\/strong>, <strong>Will Lane<\/strong>.<\/p>\n<p>\u201cGloria e Marco \u2013 ha detto Lambertini \u2013 sono simboli di quella comunit\u00e0 italiana presente numerosissima a Londra. Una numerosissima comunit\u00e0 che \u00e8 perfettamente integrata in questo Paese e composta in larga parte da professionisti che hanno scelto di vivere e lavorare qui. Il tragico ricordo della loro morte resta vivo in noi: quella tragedia non sar\u00e0 dimenticata\u201d.<\/p>\n","protected":false},"excerpt":{"rendered":"L\u2019Italia ricorda a Londra Gloria Trevisan e Marco Gottardi, i due architetti italiani tra le 72 vittime del rogo di Grenfell con un convegno di architettura ed un premio a loro dedicato. Sono passati sette anni dalla notte del 14 giugno 2017 quando le fiamme avvolsero il palazzo di 24 piani nel quartiere North Kensigton [&hellip;]","protected":false},"author":7,"featured_media":7617,"comment_status":"closed","ping_status":"closed","sticky":false,"template":"","format":"standard","meta":{"footnotes":""},"tags":[],"class_list":["post-7620","post","type-post","status-publish","format-standard","has-post-thumbnail","hentry"],"_links":{"self":[{"href":"https:\/\/iiclondra.esteri.it\/en\/wp-json\/wp\/v2\/posts\/7620","targetHints":{"allow":["GET"]}}],"collection":[{"href":"https:\/\/iiclondra.esteri.it\/en\/wp-json\/wp\/v2\/posts"}],"about":[{"href":"https:\/\/iiclondra.esteri.it\/en\/wp-json\/wp\/v2\/types\/post"}],"author":[{"embeddable":true,"href":"https:\/\/iiclondra.esteri.it\/en\/wp-json\/wp\/v2\/users\/7"}],"replies":[{"embeddable":true,"href":"https:\/\/iiclondra.esteri.it\/en\/wp-json\/wp\/v2\/comments?post=7620"}],"version-history":[{"count":1,"href":"https:\/\/iiclondra.esteri.it\/en\/wp-json\/wp\/v2\/posts\/7620\/revisions"}],"predecessor-version":[{"id":7622,"href":"https:\/\/iiclondra.esteri.it\/en\/wp-json\/wp\/v2\/posts\/7620\/revisions\/7622"}],"wp:featuredmedia":[{"embeddable":true,"href":"https:\/\/iiclondra.esteri.it\/en\/wp-json\/wp\/v2\/media\/7617"}],"wp:attachment":[{"href":"https:\/\/iiclondra.esteri.it\/en\/wp-json\/wp\/v2\/media?parent=7620"}],"wp:term":[{"taxonomy":"post_tag","embeddable":true,"href":"https:\/\/iiclondra.esteri.it\/en\/wp-json\/wp\/v2\/tags?post=7620"}],"curies":[{"name":"wp","href":"https:\/\/api.w.org\/{rel}","templated":true}]}}