{"id":8866,"date":"2024-09-10T09:50:57","date_gmt":"2024-09-10T07:50:57","guid":{"rendered":"https:\/\/iiclondra.esteri.it\/?p=8866"},"modified":"2024-09-10T09:50:57","modified_gmt":"2024-09-10T07:50:57","slug":"clima-a-londra-la-mostra-fotografica-the-cooling-solution","status":"publish","type":"post","link":"https:\/\/iiclondra.esteri.it\/en\/news\/dall_istituto\/2024\/09\/clima-a-londra-la-mostra-fotografica-the-cooling-solution\/","title":{"rendered":"Clima: a Londra la mostra fotografica &#8220;The Cooling Solution&#8221;"},"content":{"rendered":"<p>All\u2019Istituto di Cultura dati e immagini su come reagire al cambiamento<\/p>\n<p>Esperti ed\u00a0\u00a0accademici britannici, e diplomatici di diversi Paesi hanno partecipato all\u2019inaugurazione della mostra fotografica \u201cThe Cooling Solution\u201d all\u2019Istituto italiano di Cultura di Londra. Il progetto scientifico, che nasce dalla ricerca dell&#8217;economista Enrica De Cian dell&#8217;Universit\u00e0 C\u00e0 Foscari di Venezia, tiene nella capitale britannica la prima tappa del proprio percorso in Europa, proprio a pochi giorni della notizia che l&#8217;estate boreale 2024 \u00e8 stata la pi\u00f9 calda di sempre. Attraverso la fotografia d\u2019autore di Gaia Squarci racconta come persone provenienti da diversi contesti socioculturali, in varie parti del mondo, si adattino a vivere a temperature sempre pi\u00f9 alte, senza limitarsi ad utilizzare indiscriminatamente l\u2019aria condizionata.<br \/>\nBelle fotografie ed efficaci infografiche offrono un percorso visivo tra Brasile, India, Indonesia e Italia, spiegando in maniera pi\u00f9 comprensibile che mai il fenomeno dei riscaldamento globale e la necessit\u00e0 di contrastarlo con strumenti &#8220;normali&#8221; e non solo energivori come, appunto, l&#8217;aria condizionata. &#8220;Molte persone &#8211; sostiene De Cian &#8211; non hanno accesso all\u2019energia per i condizionatori. E poi anche chi se li pu\u00f2 permettere si espone a nuove forme di vulnerabilit\u00e0 come quella legata ai prezzi energetici. Chi spende pi\u00f9 del 10% del proprio reddito per energia \u00e8 considerato povero energetico\u201d. Da qui il bisogno di spiegare, di far \u201cvedere\u201d attraverso la fotografia che una \u201ccooling solution\u201d slegata dall\u2019uso del condizionatore \u00e8 possibile, e da qualche parte viene gi\u00e0 praticata, con risultati che emergono dalle foto di Gaia Squarci, mettendo insieme la creativit\u00e0 espressa dall\u2019arte fotografica e la divulgazione scientifica.<br \/>\n\u201cQuesta bella mostra \u2013 spiega Francesco Bongarr\u00e0, direttore dell&#8217;Istituto italiano di Cultura di Londra \u2013 vuole stimolare la riflessione creare consapevolezza sul riscaldamento globale, uno tra i temi pi\u00f9 rilevanti del nostro tempo. Siamo felici che abbia riscosso l&#8217;interesse di esperti che vivono a Londra, una citt\u00e0 che si considera campione di sostenibilit\u00e0\u201d.<br \/>\nDopo Londra &#8211; rester\u00e0 aperta fino al 2 ottobre &#8211; &#8220;The Cooling Solution&#8221; verr\u00e0 esposta allo Zoom Festival di Sauguenay in Canada, per tornare in Italia, a Trani.<\/p>\n","protected":false},"excerpt":{"rendered":"All\u2019Istituto di Cultura dati e immagini su come reagire al cambiamento Esperti ed\u00a0\u00a0accademici britannici, e diplomatici di diversi Paesi hanno partecipato all\u2019inaugurazione della mostra fotografica \u201cThe Cooling Solution\u201d all\u2019Istituto italiano di Cultura di Londra. Il progetto scientifico, che nasce dalla ricerca dell&#8217;economista Enrica De Cian dell&#8217;Universit\u00e0 C\u00e0 Foscari di Venezia, tiene nella capitale britannica la [&hellip;]","protected":false},"author":8,"featured_media":8867,"comment_status":"closed","ping_status":"closed","sticky":false,"template":"","format":"standard","meta":{"footnotes":""},"tags":[],"class_list":["post-8866","post","type-post","status-publish","format-standard","has-post-thumbnail","hentry"],"_links":{"self":[{"href":"https:\/\/iiclondra.esteri.it\/en\/wp-json\/wp\/v2\/posts\/8866","targetHints":{"allow":["GET"]}}],"collection":[{"href":"https:\/\/iiclondra.esteri.it\/en\/wp-json\/wp\/v2\/posts"}],"about":[{"href":"https:\/\/iiclondra.esteri.it\/en\/wp-json\/wp\/v2\/types\/post"}],"author":[{"embeddable":true,"href":"https:\/\/iiclondra.esteri.it\/en\/wp-json\/wp\/v2\/users\/8"}],"replies":[{"embeddable":true,"href":"https:\/\/iiclondra.esteri.it\/en\/wp-json\/wp\/v2\/comments?post=8866"}],"version-history":[{"count":1,"href":"https:\/\/iiclondra.esteri.it\/en\/wp-json\/wp\/v2\/posts\/8866\/revisions"}],"predecessor-version":[{"id":8873,"href":"https:\/\/iiclondra.esteri.it\/en\/wp-json\/wp\/v2\/posts\/8866\/revisions\/8873"}],"wp:featuredmedia":[{"embeddable":true,"href":"https:\/\/iiclondra.esteri.it\/en\/wp-json\/wp\/v2\/media\/8867"}],"wp:attachment":[{"href":"https:\/\/iiclondra.esteri.it\/en\/wp-json\/wp\/v2\/media?parent=8866"}],"wp:term":[{"taxonomy":"post_tag","embeddable":true,"href":"https:\/\/iiclondra.esteri.it\/en\/wp-json\/wp\/v2\/tags?post=8866"}],"curies":[{"name":"wp","href":"https:\/\/api.w.org\/{rel}","templated":true}]}}