{"id":9328,"date":"2024-09-19T11:39:52","date_gmt":"2024-09-19T09:39:52","guid":{"rendered":"https:\/\/iiclondra.esteri.it\/?p=9328"},"modified":"2024-09-19T11:42:19","modified_gmt":"2024-09-19T09:42:19","slug":"a-londra-sbarca-il-padiglione-italia-a-expo-osaka-2025","status":"publish","type":"post","link":"https:\/\/iiclondra.esteri.it\/en\/news\/dall_istituto\/2024\/09\/a-londra-sbarca-il-padiglione-italia-a-expo-osaka-2025\/","title":{"rendered":"A Londra sbarca il Padiglione Italia a Expo Osaka 2025"},"content":{"rendered":"<p>Vattani, Cucinella e Porro discutono del genio del design italiano<\/p>\n<p>Sbarca a Londra il progetto del Padiglione Italia a Osaka Expo 2025, firmato dall\u2019architetto Mario Cucinella. A presentarlo all\u2019Istituto di Cultura nella capitale britannica, diretto da Francesco Bongarr\u00e0, l\u2019Ambasciatore Mario Vattani, Commissario Generale per l\u2019Italia a Expo2025 con l\u2019archistar Mario Cucinella, che lo ha elaborato. Sul palco con loro per l\u2019occasione Maria Porro, presidente del Salone del Mobile di Milano e l\u2019esperta di design, Prya Khanchandani, impegnati a parlare della visione del design italiano.<\/p>\n<p>Tocca a Vattani, in una sala gremita di architetti ed esperti di design britannici ed italiani, sottolineare l\u2019importanza a livello mondiale dell\u2019EXPO di Osaka, dal 13 aprile al 13 ottobre 2025, \u201cil primo evento davvero globale dalla fine della pandemia, in cui l\u2019Italia avr\u00e0 una posizione fondamentale, sia per il prestigio di questo appuntamento sia per l\u2019importanza che esso riveste nell\u2019ambito della strategica relazione tra il nostro Paese ed il Giappone. Una vetrina del meglio dell\u2019Italia che durer\u00e0 6 mesi\u201d.<\/p>\n<p>&#8220;Il Padiglione Italia &#8211; sottolinea Cucinella &#8211; \u00e8 altamente sostenibile: \u00e8 completamente realizzato in legno, smontabile pezzo per pezzo e ogni pezzo riutilizzabile, altrove nel mondo\u201d.<\/p>\n<p>\u201cLa sostenililit\u00e0 \u00e8 ormai un elemento fondamentale anche al Salone del Mobile \u2013 ha aggiunto Maria Porro \u2013 e lo \u00e8 ogni anno di pi\u00f9. Ogni evento interno al Salone va certificato in termini di sostenibilit\u00e0, tanto per fare un esempio ormai l\u2019uso del cartone \u00e8 stato completamente abolito. D\u2019altronde \u2013 ha continuato Porro \u2013 nella mia azienda tendiamo a limitare il piu\u2019 possibile l\u2019uso dell\u2019energia elettrica: per esempio incoraggiamo lo staff a iniziare a lavorare al mattino presto finendo nel primo pomeriggio.<\/p>\n<p>\u201cE\u2019 un onore accogliere a Londra Mario Cucinella, importantissimo architetto di fama internazionale, e Maria Porro che rappresenta, la pi\u00f9 grande realt\u00e0 del design nel mondo. E sono orgoglioso che in questo nostro Istituto Londra \u2018conosca\u2019 il Padiglione Italia ad Osaka\u201d, conclude Bongarr\u00e0.<\/p>\n","protected":false},"excerpt":{"rendered":"Vattani, Cucinella e Porro discutono del genio del design italiano Sbarca a Londra il progetto del Padiglione Italia a Osaka Expo 2025, firmato dall\u2019architetto Mario Cucinella. A presentarlo all\u2019Istituto di Cultura nella capitale britannica, diretto da Francesco Bongarr\u00e0, l\u2019Ambasciatore Mario Vattani, Commissario Generale per l\u2019Italia a Expo2025 con l\u2019archistar Mario Cucinella, che lo ha elaborato. [&hellip;]","protected":false},"author":8,"featured_media":9322,"comment_status":"closed","ping_status":"closed","sticky":false,"template":"","format":"standard","meta":{"footnotes":""},"tags":[],"class_list":["post-9328","post","type-post","status-publish","format-standard","has-post-thumbnail","hentry"],"_links":{"self":[{"href":"https:\/\/iiclondra.esteri.it\/en\/wp-json\/wp\/v2\/posts\/9328","targetHints":{"allow":["GET"]}}],"collection":[{"href":"https:\/\/iiclondra.esteri.it\/en\/wp-json\/wp\/v2\/posts"}],"about":[{"href":"https:\/\/iiclondra.esteri.it\/en\/wp-json\/wp\/v2\/types\/post"}],"author":[{"embeddable":true,"href":"https:\/\/iiclondra.esteri.it\/en\/wp-json\/wp\/v2\/users\/8"}],"replies":[{"embeddable":true,"href":"https:\/\/iiclondra.esteri.it\/en\/wp-json\/wp\/v2\/comments?post=9328"}],"version-history":[{"count":2,"href":"https:\/\/iiclondra.esteri.it\/en\/wp-json\/wp\/v2\/posts\/9328\/revisions"}],"predecessor-version":[{"id":9331,"href":"https:\/\/iiclondra.esteri.it\/en\/wp-json\/wp\/v2\/posts\/9328\/revisions\/9331"}],"wp:featuredmedia":[{"embeddable":true,"href":"https:\/\/iiclondra.esteri.it\/en\/wp-json\/wp\/v2\/media\/9322"}],"wp:attachment":[{"href":"https:\/\/iiclondra.esteri.it\/en\/wp-json\/wp\/v2\/media?parent=9328"}],"wp:term":[{"taxonomy":"post_tag","embeddable":true,"href":"https:\/\/iiclondra.esteri.it\/en\/wp-json\/wp\/v2\/tags?post=9328"}],"curies":[{"name":"wp","href":"https:\/\/api.w.org\/{rel}","templated":true}]}}