{"id":4176,"date":"2024-02-13T17:58:55","date_gmt":"2024-02-13T16:58:55","guid":{"rendered":"https:\/\/iiclondra.esteri.it\/?p=4176"},"modified":"2024-02-14T14:03:01","modified_gmt":"2024-02-14T13:03:01","slug":"si-conclude-la-terza-edizione-del-festival-from-venice-to-london-un-progetto-iic-londra-e-la-biennale-di-venezia","status":"publish","type":"post","link":"https:\/\/iiclondra.esteri.it\/it\/news\/dall_istituto\/2024\/02\/si-conclude-la-terza-edizione-del-festival-from-venice-to-london-un-progetto-iic-londra-e-la-biennale-di-venezia\/","title":{"rendered":"SI CONCLUDE LA TERZA EDIZIONE DEL FESTIVAL FROM VENICE TO LONDON"},"content":{"rendered":"<p>L\u2019IIC Londra desidera ringraziare il numeroso pubblico che ha accompagnato con grande entusiamo le proiezioni dei pi\u00f9 prestigiosi film arrivati nella capitale britannica grazie alla collaborazione tra IIC Londra e l\u201980ma Mostra Internazionale del Cinema di Venezia.<\/p>\n<p>Il festival From Venice to London \u00e8 stata inaugurato il 7 febbraio presso l\u2019IIC Londra alla presenza del Sottosegretario alla Cultura Lucia Borgonzoni, della president di Cinecitt\u00e0 Chiara Sbarigia, dell\u2019Ambasciatore Inigo Lambertini e del Direttore dell\u2019Istituto Francesco Bongarr\u00e0, che hanno accolto un parterre di numerosi e prestigiosi ospiti del comparto cinematografico italiano e londinese.<\/p>\n<p>Tutte le proiezioni dei film, selezionati tra quelli in concorso all\u201980ma Mostra Internazionale del Cinema di Venezia, sono state realizzate in collaborazione con Curzon Cinemas, la pi\u00f9 prestigiosa catena di cinema presente a Londra e grazie agli accordi con le societ\u00e0 di distribuzione locali il cinema italiano \u00e8 stato portato in prima vision assoluta al pubblico inglese.<\/p>\n<p>Dopo il tutto esaurito per IO CAPITANO di Matteo Garrone presso la splendida sala del Curzon Mayfair, le proiezioni di Felicit\u00e0 di Micaela Ramazzotti, Lubo di Giorgio Diritti, La parte del Leone di Baptiste Etchegaray e Giuseppe Bucchi, The Meatseller di Margherita Giusti prodotto da Luca Guadagnino, Una sterminata domenica di Alain Parroni ed Enea di Pietro Castellitto si sono susseguite al cinema Curzon Soho dall\u20198 al 12 febbraio 2024.<\/p>\n<p>L\u2019enorme successo tra il pubblico italiano e britannico sottolinea ancora una volta il grande interesse oltremanica per il cinema italiano.<\/p>\n<p><em>Fotografie: Ana Blumenkron e Suzannah Gabriel <\/em><\/p>\n","protected":false},"excerpt":{"rendered":"L\u2019IIC Londra desidera ringraziare il numeroso pubblico che ha accompagnato con grande entusiamo le proiezioni dei pi\u00f9 prestigiosi film arrivati nella capitale britannica grazie alla collaborazione tra IIC Londra e l\u201980ma Mostra Internazionale del Cinema di Venezia. Il festival From Venice to London \u00e8 stata inaugurato il 7 febbraio presso l\u2019IIC Londra alla presenza del [&hellip;]","protected":false},"author":7,"featured_media":4293,"comment_status":"closed","ping_status":"closed","sticky":false,"template":"","format":"standard","meta":{"footnotes":""},"tags":[],"class_list":["post-4176","post","type-post","status-publish","format-standard","has-post-thumbnail","hentry"],"_links":{"self":[{"href":"https:\/\/iiclondra.esteri.it\/it\/wp-json\/wp\/v2\/posts\/4176","targetHints":{"allow":["GET"]}}],"collection":[{"href":"https:\/\/iiclondra.esteri.it\/it\/wp-json\/wp\/v2\/posts"}],"about":[{"href":"https:\/\/iiclondra.esteri.it\/it\/wp-json\/wp\/v2\/types\/post"}],"author":[{"embeddable":true,"href":"https:\/\/iiclondra.esteri.it\/it\/wp-json\/wp\/v2\/users\/7"}],"replies":[{"embeddable":true,"href":"https:\/\/iiclondra.esteri.it\/it\/wp-json\/wp\/v2\/comments?post=4176"}],"version-history":[{"count":2,"href":"https:\/\/iiclondra.esteri.it\/it\/wp-json\/wp\/v2\/posts\/4176\/revisions"}],"predecessor-version":[{"id":4304,"href":"https:\/\/iiclondra.esteri.it\/it\/wp-json\/wp\/v2\/posts\/4176\/revisions\/4304"}],"wp:featuredmedia":[{"embeddable":true,"href":"https:\/\/iiclondra.esteri.it\/it\/wp-json\/wp\/v2\/media\/4293"}],"wp:attachment":[{"href":"https:\/\/iiclondra.esteri.it\/it\/wp-json\/wp\/v2\/media?parent=4176"}],"wp:term":[{"taxonomy":"post_tag","embeddable":true,"href":"https:\/\/iiclondra.esteri.it\/it\/wp-json\/wp\/v2\/tags?post=4176"}],"curies":[{"name":"wp","href":"https:\/\/api.w.org\/{rel}","templated":true}]}}